{"id":966,"date":"2015-11-01T08:17:02","date_gmt":"2015-11-01T04:17:02","guid":{"rendered":"http:\/\/armanbegoyan.com\/hy\/?p=966"},"modified":"2024-09-18T16:00:26","modified_gmt":"2024-09-18T12:00:26","slug":"plague-or-simply-freud","status":"publish","type":"post","link":"https:\/\/armanbegoyan.com\/pl\/2015\/11\/01\/plague-or-simply-freud\/","title":{"rendered":"\u201eZaraza czy po prostu Freud?\u201d"},"content":{"rendered":"<p>Dlaczego Zygmunt Freud, ojciec psychoanalizy, por\u00f3wna\u0142 swoj\u0105 teori\u0119 do zarazy i dlaczego uwa\u017ca\u0142, \u017ce instynkty p\u0142ciowe i \u015bmier\u0107 s\u0105 u cz\u0142owieka podstawowe? Te i inne tematy zosta\u0142y poruszone podczas dw\u00f3ch wywiad\u00f3w (prowadz\u0105cy\/przeprowadzaj\u0105cy wywiad: Araks Poghosyan), kt\u00f3rych udzieli\u0142em w Vem Radio (audio znajdziesz pod linkami poni\u017cej).<\/p>\n<p><iframe loading=\"lazy\" title=\"\u053a\u0561\u0576\u057f\u0561\u055e\u056d\u057f, \u0569\u0567 \u057a\u0561\u0580\u0566\u0561\u057a\u0565\u057d \u0556\u0580\u0578\u0575\u0564. \u0574\u0561\u057d \u0531\" width=\"750\" height=\"422\" src=\"https:\/\/www.youtube.com\/embed\/lXLUWIPIlOM?feature=oembed\" frameborder=\"0\" allow=\"accelerometer; autoplay; clipboard-write; encrypted-media; gyroscope; picture-in-picture; web-share\" referrerpolicy=\"strict-origin-when-cross-origin\" allowfullscreen><\/iframe><\/p>\n<p><iframe loading=\"lazy\" title=\"\u053a\u0561\u0576\u057f\u0561\u055e\u056d\u057f, \u0569\u0567 \u057a\u0561\u0580\u0566\u0561\u057a\u0565\u057d \u0556\u0580\u0578\u0575\u0564. \u0574\u0561\u057d \u0532\" width=\"750\" height=\"422\" src=\"https:\/\/www.youtube.com\/embed\/wse1hMyUOic?feature=oembed\" frameborder=\"0\" allow=\"accelerometer; autoplay; clipboard-write; encrypted-media; gyroscope; picture-in-picture; web-share\" referrerpolicy=\"strict-origin-when-cross-origin\" allowfullscreen><\/iframe><\/p>","protected":false},"excerpt":{"rendered":"<p>Dlaczego Zygmunt Freud, ojciec psychoanalizy, por\u00f3wna\u0142 swoj\u0105 teori\u0119 do zarazy i dlaczego uwa\u017ca\u0142, \u017ce instynkty p\u0142ciowe i \u015bmier\u0107 s\u0105 u cz\u0142owieka podstawowe? Te i inne tematy zosta\u0142y poruszone podczas dw\u00f3ch wywiad\u00f3w (prowadz\u0105cy\/przeprowadzaj\u0105cy wywiad: Araks Poghosyan), kt\u00f3rych udzieli\u0142em w Vem Radio<\/p>\n","protected":false},"author":2,"featured_media":0,"comment_status":"closed","ping_status":"closed","sticky":false,"template":"","format":"standard","meta":{"footnotes":""},"categories":[22,19,18],"tags":[59,60],"class_list":["post-966","post","type-post","status-publish","format-standard","hentry","category-child-psychology","category-clinical-psychology","category-psychotherapy","tag-freud","tag-psychoanalysis"],"_links":{"self":[{"href":"https:\/\/armanbegoyan.com\/pl\/wp-json\/wp\/v2\/posts\/966","targetHints":{"allow":["GET"]}}],"collection":[{"href":"https:\/\/armanbegoyan.com\/pl\/wp-json\/wp\/v2\/posts"}],"about":[{"href":"https:\/\/armanbegoyan.com\/pl\/wp-json\/wp\/v2\/types\/post"}],"author":[{"embeddable":true,"href":"https:\/\/armanbegoyan.com\/pl\/wp-json\/wp\/v2\/users\/2"}],"replies":[{"embeddable":true,"href":"https:\/\/armanbegoyan.com\/pl\/wp-json\/wp\/v2\/comments?post=966"}],"version-history":[{"count":5,"href":"https:\/\/armanbegoyan.com\/pl\/wp-json\/wp\/v2\/posts\/966\/revisions"}],"predecessor-version":[{"id":3152,"href":"https:\/\/armanbegoyan.com\/pl\/wp-json\/wp\/v2\/posts\/966\/revisions\/3152"}],"wp:attachment":[{"href":"https:\/\/armanbegoyan.com\/pl\/wp-json\/wp\/v2\/media?parent=966"}],"wp:term":[{"taxonomy":"category","embeddable":true,"href":"https:\/\/armanbegoyan.com\/pl\/wp-json\/wp\/v2\/categories?post=966"},{"taxonomy":"post_tag","embeddable":true,"href":"https:\/\/armanbegoyan.com\/pl\/wp-json\/wp\/v2\/tags?post=966"}],"curies":[{"name":"wp","href":"https:\/\/api.w.org\/{rel}","templated":true}]}}